{"id":2245,"date":"2019-01-05T08:28:31","date_gmt":"2019-01-05T06:28:31","guid":{"rendered":"https:\/\/new.cotmec.ch\/?p=2245"},"modified":"2023-03-24T09:57:32","modified_gmt":"2023-03-24T07:57:32","slug":"cop-24","status":"publish","type":"post","link":"https:\/\/cotmec.ch\/?p=2245","title":{"rendered":"COP 24"},"content":{"rendered":"<p><a href=\"https:\/\/cotmec.ch\/wp-content\/uploads\/2019\/01\/G-T-e\u0301nergies-fossiles.jpg\"><img loading=\"lazy\" decoding=\"async\" class=\"alignnone size-full wp-image-2251\" src=\"https:\/\/cotmec.ch\/wp-content\/uploads\/2019\/01\/G-T-e\u0301nergies-fossiles.jpg\" alt=\"\" width=\"760\" height=\"778\" srcset=\"https:\/\/cotmec.ch\/wp-content\/uploads\/2019\/01\/G-T-e\u0301nergies-fossiles.jpg 760w, https:\/\/cotmec.ch\/wp-content\/uploads\/2019\/01\/G-T-e\u0301nergies-fossiles-293x300.jpg 293w, https:\/\/cotmec.ch\/wp-content\/uploads\/2019\/01\/G-T-e\u0301nergies-fossiles-50x50.jpg 50w\" sizes=\"(max-width: 760px) 100vw, 760px\" \/><\/a><\/p>\n<h3><strong><a href=\"https:\/\/www.youtube.com\/watch?v=Bypt4H8K5dI\" target=\"_blank\" rel=\"noopener noreferrer\">Discours incroyable d&rsquo;une \u00ab\u00a0gamine\u00a0\u00bb de 15 ans lors de la COP 24 \u00e0 Katowice, discours de 4 minutes qui vaut toutes les paroles des repr\u00e9sentants \u00e0 cette assembl\u00e9e<\/a>.<\/strong><\/h3>\n<p><a href=\"https:\/\/cotmec.ch\/wp-content\/uploads\/2019\/01\/Le-discours-de-Greta-Thunberg-a-la-COP-24-v1_square.jpg\"><img loading=\"lazy\" decoding=\"async\" class=\"alignnone size-full wp-image-2249\" src=\"https:\/\/cotmec.ch\/wp-content\/uploads\/2019\/01\/Le-discours-de-Greta-Thunberg-a-la-COP-24-v1_square.jpg\" alt=\"\" width=\"2145\" height=\"2145\" srcset=\"https:\/\/cotmec.ch\/wp-content\/uploads\/2019\/01\/Le-discours-de-Greta-Thunberg-a-la-COP-24-v1_square.jpg 2145w, https:\/\/cotmec.ch\/wp-content\/uploads\/2019\/01\/Le-discours-de-Greta-Thunberg-a-la-COP-24-v1_square-290x290.jpg 290w, https:\/\/cotmec.ch\/wp-content\/uploads\/2019\/01\/Le-discours-de-Greta-Thunberg-a-la-COP-24-v1_square-300x300.jpg 300w, https:\/\/cotmec.ch\/wp-content\/uploads\/2019\/01\/Le-discours-de-Greta-Thunberg-a-la-COP-24-v1_square-768x768.jpg 768w, https:\/\/cotmec.ch\/wp-content\/uploads\/2019\/01\/Le-discours-de-Greta-Thunberg-a-la-COP-24-v1_square-1024x1024.jpg 1024w, https:\/\/cotmec.ch\/wp-content\/uploads\/2019\/01\/Le-discours-de-Greta-Thunberg-a-la-COP-24-v1_square-50x50.jpg 50w\" sizes=\"(max-width: 2145px) 100vw, 2145px\" \/><\/a><\/p>\n","protected":false},"excerpt":{"rendered":"<p>Discours incroyable d&rsquo;une \u00ab\u00a0gamine\u00a0\u00bb de 15 ans lors de la COP 24 \u00e0 Katowice, discours de 4 minutes qui vaut toutes les paroles des repr\u00e9sentants \u00e0 cette assembl\u00e9e.<\/p>\n","protected":false},"author":5,"featured_media":2250,"comment_status":"open","ping_status":"open","sticky":false,"template":"","format":"standard","meta":{"footnotes":""},"categories":[25],"tags":[],"class_list":["post-2245","post","type-post","status-publish","format-standard","has-post-thumbnail","hentry","category-actualite"],"_links":{"self":[{"href":"https:\/\/cotmec.ch\/index.php?rest_route=\/wp\/v2\/posts\/2245"}],"collection":[{"href":"https:\/\/cotmec.ch\/index.php?rest_route=\/wp\/v2\/posts"}],"about":[{"href":"https:\/\/cotmec.ch\/index.php?rest_route=\/wp\/v2\/types\/post"}],"author":[{"embeddable":true,"href":"https:\/\/cotmec.ch\/index.php?rest_route=\/wp\/v2\/users\/5"}],"replies":[{"embeddable":true,"href":"https:\/\/cotmec.ch\/index.php?rest_route=%2Fwp%2Fv2%2Fcomments&post=2245"}],"version-history":[{"count":9,"href":"https:\/\/cotmec.ch\/index.php?rest_route=\/wp\/v2\/posts\/2245\/revisions"}],"predecessor-version":[{"id":3918,"href":"https:\/\/cotmec.ch\/index.php?rest_route=\/wp\/v2\/posts\/2245\/revisions\/3918"}],"wp:featuredmedia":[{"embeddable":true,"href":"https:\/\/cotmec.ch\/index.php?rest_route=\/wp\/v2\/media\/2250"}],"wp:attachment":[{"href":"https:\/\/cotmec.ch\/index.php?rest_route=%2Fwp%2Fv2%2Fmedia&parent=2245"}],"wp:term":[{"taxonomy":"category","embeddable":true,"href":"https:\/\/cotmec.ch\/index.php?rest_route=%2Fwp%2Fv2%2Fcategories&post=2245"},{"taxonomy":"post_tag","embeddable":true,"href":"https:\/\/cotmec.ch\/index.php?rest_route=%2Fwp%2Fv2%2Ftags&post=2245"}],"curies":[{"name":"wp","href":"https:\/\/api.w.org\/{rel}","templated":true}]}}